{"id":1128,"date":"2025-06-08T16:51:20","date_gmt":"2025-06-08T14:51:20","guid":{"rendered":"https:\/\/waldowo.salezjanie.waw.pl\/?p=1128"},"modified":"2025-06-16T16:10:26","modified_gmt":"2025-06-16T14:10:26","slug":"bierzmowanie-2","status":"publish","type":"post","link":"https:\/\/waldowo.salezjanie.waw.pl\/?p=1128","title":{"rendered":"Bierzmowanie"},"content":{"rendered":"\n<p>Wigilia Zes\u0142ania Ducha \u015awi\u0119tego \u2013 7 czerwca 2025.<\/p>\n\n\n\n<p>Gratulujemy rodzicom i katechetom \u015bwiadectwa wiary.<br>Dzi\u0119kujemy Ksi\u0119dzu Infu\u0142atowi za pos\u0142ug\u0119 sakramentaln\u0105.<br>\u017byczymy m\u0142odzie\u017cy pi\u0119knych owoc\u00f3w dar\u00f3w Ducha \u015awi\u0119tego.<\/p>\n","protected":false},"excerpt":{"rendered":"<p>Wigilia Zes\u0142ania Ducha \u015awi\u0119tego \u2013 7 czerwca 2025. Gratulujemy rodzicom i katechetom \u015bwiadectwa wiary.Dzi\u0119kujemy Ksi\u0119dzu Infu\u0142atowi za pos\u0142ug\u0119 sakramentaln\u0105.\u017byczymy m\u0142odzie\u017cy pi\u0119knych owoc\u00f3w dar\u00f3w Ducha \u015awi\u0119tego.<\/p>\n","protected":false},"author":9,"featured_media":1129,"comment_status":"open","ping_status":"open","sticky":false,"template":"","format":"standard","meta":[],"categories":[3],"tags":[],"_links":{"self":[{"href":"https:\/\/waldowo.salezjanie.waw.pl\/index.php?rest_route=\/wp\/v2\/posts\/1128"}],"collection":[{"href":"https:\/\/waldowo.salezjanie.waw.pl\/index.php?rest_route=\/wp\/v2\/posts"}],"about":[{"href":"https:\/\/waldowo.salezjanie.waw.pl\/index.php?rest_route=\/wp\/v2\/types\/post"}],"author":[{"embeddable":true,"href":"https:\/\/waldowo.salezjanie.waw.pl\/index.php?rest_route=\/wp\/v2\/users\/9"}],"replies":[{"embeddable":true,"href":"https:\/\/waldowo.salezjanie.waw.pl\/index.php?rest_route=%2Fwp%2Fv2%2Fcomments&post=1128"}],"version-history":[{"count":1,"href":"https:\/\/waldowo.salezjanie.waw.pl\/index.php?rest_route=\/wp\/v2\/posts\/1128\/revisions"}],"predecessor-version":[{"id":1130,"href":"https:\/\/waldowo.salezjanie.waw.pl\/index.php?rest_route=\/wp\/v2\/posts\/1128\/revisions\/1130"}],"wp:featuredmedia":[{"embeddable":true,"href":"https:\/\/waldowo.salezjanie.waw.pl\/index.php?rest_route=\/wp\/v2\/media\/1129"}],"wp:attachment":[{"href":"https:\/\/waldowo.salezjanie.waw.pl\/index.php?rest_route=%2Fwp%2Fv2%2Fmedia&parent=1128"}],"wp:term":[{"taxonomy":"category","embeddable":true,"href":"https:\/\/waldowo.salezjanie.waw.pl\/index.php?rest_route=%2Fwp%2Fv2%2Fcategories&post=1128"},{"taxonomy":"post_tag","embeddable":true,"href":"https:\/\/waldowo.salezjanie.waw.pl\/index.php?rest_route=%2Fwp%2Fv2%2Ftags&post=1128"}],"curies":[{"name":"wp","href":"https:\/\/api.w.org\/{rel}","templated":true}]}}