{"id":1228,"date":"2025-10-18T10:13:01","date_gmt":"2025-10-18T08:13:01","guid":{"rendered":"https:\/\/waldowo.salezjanie.waw.pl\/?p=1228"},"modified":"2025-10-25T22:05:07","modified_gmt":"2025-10-25T20:05:07","slug":"misjonarze-nadziei","status":"publish","type":"post","link":"https:\/\/waldowo.salezjanie.waw.pl\/?p=1228","title":{"rendered":"Misjonarze nadziei"},"content":{"rendered":"\n<p>19 pa\u017adziernika pod has\u0142em \u201eMisjonarze nadziei\u201d b\u0119dziemy obchodzi\u0107 \u015awiatowy Dzie\u0144 Misyjny (Niedziel\u0119 Misyjn\u0105).<br>Ten dzie\u0144 zosta\u0142 ustanowiony w 1926 r. przez papie\u017ca Piusa XI i ka\u017cdego roku na ca\u0142ym \u015bwiecie jest obchodzony w przedostatni\u0105 niedziel\u0119 pa\u017adziernika.<\/p>\n\n\n\n<p>8 listopada 2025 w Warszawie odb\u0119dzie si\u0119 KONGRES MISYJNY, z okazji 150-lecia pierwszej wyprawy salezjan\u00f3w do Francji i Argentyny.<\/p>\n\n\n\n<p>Ju\u017c od 150 lat salezja\u0144scy misjonarze docieraj\u0105 do najdalszych zak\u0105tk\u00f3w \u015bwiata, by g\u0142osi\u0107 Ewangeli\u0119 i pomaga\u0107 potrzebuj\u0105cym. To dzie\u0142o trwa do dzi\u015b, dzi\u0119ki zaanga\u017cowaniu misjonarek, misjonarzy, wolontariuszy i Was. Razem budujemy wsp\u00f3lnot\u0119, kt\u00f3ra wspiera misje na r\u00f3\u017cnych poziomach \u2013 duchowo, materialnie i poprzez codzienn\u0105 trosk\u0119.<\/p>\n\n\n\n<p>Dzi\u015b misje salezja\u0144skie dzia\u0142aj\u0105 w 137 krajach \u2013 w parafiach, szko\u0142ach, uniwersytetach, obozach uchod\u017ac\u00f3w, wi\u0119zieniach i wielu innych miejscach, nios\u0105c Ewangeli\u0119 i pomoc najbardziej potrzebuj\u0105cym.<\/p>\n\n\n\n<figure class=\"is-layout-flex wp-block-gallery-1 wp-block-gallery has-nested-images columns-default is-cropped\">\n<figure class=\"wp-block-image size-large\"><img fetchpriority=\"high\" decoding=\"async\" width=\"510\" height=\"721\" data-id=\"1230\"  src=\"https:\/\/waldowo.salezjanie.waw.pl\/wp-content\/uploads\/sites\/6\/2025\/10\/misje.jpg\" alt=\"\" class=\"wp-image-1230\" srcset=\"https:\/\/waldowo.salezjanie.waw.pl\/wp-content\/uploads\/sites\/6\/2025\/10\/misje.jpg 510w, https:\/\/waldowo.salezjanie.waw.pl\/wp-content\/uploads\/sites\/6\/2025\/10\/misje-212x300.jpg 212w\" sizes=\"(max-width: 510px) 100vw, 510px\" \/><\/figure>\n\n\n\n<figure class=\"wp-block-image size-large\"><img decoding=\"async\" width=\"710\" height=\"1024\" data-id=\"1231\"  src=\"https:\/\/waldowo.salezjanie.waw.pl\/wp-content\/uploads\/sites\/6\/2025\/10\/Plakat-TM_2025-710x1024-1.jpg\" alt=\"\" class=\"wp-image-1231\" srcset=\"https:\/\/waldowo.salezjanie.waw.pl\/wp-content\/uploads\/sites\/6\/2025\/10\/Plakat-TM_2025-710x1024-1.jpg 710w, https:\/\/waldowo.salezjanie.waw.pl\/wp-content\/uploads\/sites\/6\/2025\/10\/Plakat-TM_2025-710x1024-1-208x300.jpg 208w\" sizes=\"(max-width: 710px) 100vw, 710px\" \/><\/figure>\n<\/figure>\n","protected":false},"excerpt":{"rendered":"<p>19 pa\u017adziernika pod has\u0142em \u201eMisjonarze nadziei\u201d b\u0119dziemy obchodzi\u0107 \u015awiatowy Dzie\u0144 Misyjny (Niedziel\u0119 Misyjn\u0105).Ten dzie\u0144 zosta\u0142 ustanowiony w 1926 r. przez papie\u017ca Piusa XI i ka\u017cdego roku na ca\u0142ym \u015bwiecie jest obchodzony w przedostatni\u0105 niedziel\u0119 pa\u017adziernika. 8 listopada 2025 w Warszawie odb\u0119dzie si\u0119 KONGRES MISYJNY, z okazji 150-lecia pierwszej wyprawy salezjan\u00f3w do Francji i Argentyny. Ju\u017c [&hellip;]<\/p>\n","protected":false},"author":9,"featured_media":1233,"comment_status":"open","ping_status":"open","sticky":false,"template":"","format":"standard","meta":[],"categories":[3],"tags":[],"_links":{"self":[{"href":"https:\/\/waldowo.salezjanie.waw.pl\/index.php?rest_route=\/wp\/v2\/posts\/1228"}],"collection":[{"href":"https:\/\/waldowo.salezjanie.waw.pl\/index.php?rest_route=\/wp\/v2\/posts"}],"about":[{"href":"https:\/\/waldowo.salezjanie.waw.pl\/index.php?rest_route=\/wp\/v2\/types\/post"}],"author":[{"embeddable":true,"href":"https:\/\/waldowo.salezjanie.waw.pl\/index.php?rest_route=\/wp\/v2\/users\/9"}],"replies":[{"embeddable":true,"href":"https:\/\/waldowo.salezjanie.waw.pl\/index.php?rest_route=%2Fwp%2Fv2%2Fcomments&post=1228"}],"version-history":[{"count":1,"href":"https:\/\/waldowo.salezjanie.waw.pl\/index.php?rest_route=\/wp\/v2\/posts\/1228\/revisions"}],"predecessor-version":[{"id":1232,"href":"https:\/\/waldowo.salezjanie.waw.pl\/index.php?rest_route=\/wp\/v2\/posts\/1228\/revisions\/1232"}],"wp:featuredmedia":[{"embeddable":true,"href":"https:\/\/waldowo.salezjanie.waw.pl\/index.php?rest_route=\/wp\/v2\/media\/1233"}],"wp:attachment":[{"href":"https:\/\/waldowo.salezjanie.waw.pl\/index.php?rest_route=%2Fwp%2Fv2%2Fmedia&parent=1228"}],"wp:term":[{"taxonomy":"category","embeddable":true,"href":"https:\/\/waldowo.salezjanie.waw.pl\/index.php?rest_route=%2Fwp%2Fv2%2Fcategories&post=1228"},{"taxonomy":"post_tag","embeddable":true,"href":"https:\/\/waldowo.salezjanie.waw.pl\/index.php?rest_route=%2Fwp%2Fv2%2Ftags&post=1228"}],"curies":[{"name":"wp","href":"https:\/\/api.w.org\/{rel}","templated":true}]}}