{"id":1356,"date":"2026-01-17T19:11:49","date_gmt":"2026-01-17T18:11:49","guid":{"rendered":"https:\/\/waldowo.salezjanie.waw.pl\/?p=1356"},"modified":"2026-01-17T19:11:49","modified_gmt":"2026-01-17T18:11:49","slug":"nowenna-do-sw-jana-bosko","status":"publish","type":"post","link":"https:\/\/waldowo.salezjanie.waw.pl\/?p=1356","title":{"rendered":"Nowenna do \u015bw. Jana Bosko"},"content":{"rendered":"\n<p>\u015awi\u0119ty Jan Bosko to nadzwyczajny \u015bwi\u0119ty a czas nowenny przygotowuj\u0105cej nas do jego uroczysto\u015bci przypadaj\u0105cej 31 stycznia to dobra okazja, aby troch\u0119 przypomnie\u0107 o nim jako cz\u0142owieku Boga, kt\u00f3ry prawdziwie dawa\u0142 innym Jego mi\u0142o\u015b\u0107 i mi\u0142osierdzie.<br><br><\/p>\n","protected":false},"excerpt":{"rendered":"<p>\u015awi\u0119ty Jan Bosko to nadzwyczajny \u015bwi\u0119ty a czas nowenny przygotowuj\u0105cej nas do jego uroczysto\u015bci przypadaj\u0105cej 31 stycznia to dobra okazja, aby troch\u0119 przypomnie\u0107 o nim jako cz\u0142owieku Boga, kt\u00f3ry prawdziwie dawa\u0142 innym Jego mi\u0142o\u015b\u0107 i mi\u0142osierdzie.<\/p>\n","protected":false},"author":9,"featured_media":1357,"comment_status":"open","ping_status":"open","sticky":false,"template":"","format":"standard","meta":[],"categories":[3],"tags":[],"_links":{"self":[{"href":"https:\/\/waldowo.salezjanie.waw.pl\/index.php?rest_route=\/wp\/v2\/posts\/1356"}],"collection":[{"href":"https:\/\/waldowo.salezjanie.waw.pl\/index.php?rest_route=\/wp\/v2\/posts"}],"about":[{"href":"https:\/\/waldowo.salezjanie.waw.pl\/index.php?rest_route=\/wp\/v2\/types\/post"}],"author":[{"embeddable":true,"href":"https:\/\/waldowo.salezjanie.waw.pl\/index.php?rest_route=\/wp\/v2\/users\/9"}],"replies":[{"embeddable":true,"href":"https:\/\/waldowo.salezjanie.waw.pl\/index.php?rest_route=%2Fwp%2Fv2%2Fcomments&post=1356"}],"version-history":[{"count":1,"href":"https:\/\/waldowo.salezjanie.waw.pl\/index.php?rest_route=\/wp\/v2\/posts\/1356\/revisions"}],"predecessor-version":[{"id":1358,"href":"https:\/\/waldowo.salezjanie.waw.pl\/index.php?rest_route=\/wp\/v2\/posts\/1356\/revisions\/1358"}],"wp:featuredmedia":[{"embeddable":true,"href":"https:\/\/waldowo.salezjanie.waw.pl\/index.php?rest_route=\/wp\/v2\/media\/1357"}],"wp:attachment":[{"href":"https:\/\/waldowo.salezjanie.waw.pl\/index.php?rest_route=%2Fwp%2Fv2%2Fmedia&parent=1356"}],"wp:term":[{"taxonomy":"category","embeddable":true,"href":"https:\/\/waldowo.salezjanie.waw.pl\/index.php?rest_route=%2Fwp%2Fv2%2Fcategories&post=1356"},{"taxonomy":"post_tag","embeddable":true,"href":"https:\/\/waldowo.salezjanie.waw.pl\/index.php?rest_route=%2Fwp%2Fv2%2Ftags&post=1356"}],"curies":[{"name":"wp","href":"https:\/\/api.w.org\/{rel}","templated":true}]}}